{"id":253,"date":"2024-01-22T14:29:30","date_gmt":"2024-01-22T13:29:30","guid":{"rendered":"https:\/\/sichtraum.tha.de\/2024\/keynote-horst-thieme-copy\/"},"modified":"2024-01-31T15:43:52","modified_gmt":"2024-01-31T14:43:52","slug":"wellenbad","status":"publish","type":"post","link":"https:\/\/sichtraum.tha.de\/2024\/wellenbad\/","title":{"rendered":"Performance WELLENBAD"},"content":{"rendered":"","protected":false},"excerpt":{"rendered":"","protected":false},"author":1,"featured_media":504,"comment_status":"closed","ping_status":"closed","sticky":false,"template":"","format":"standard","meta":[],"categories":[3,4],"tags":[],"class_list":["post-253","post","type-post","status-publish","has-post-thumbnail","hentry","category-keynote","category-performance"],"grid":"{\r\n  \"colCount\": 12,\r\n  \"colGutter\": 2,\r\n  \"rowGutters\": [\r\n    3\r\n  ],\r\n  \"frameMargin\": 5,\r\n  \"leftFrameMargin\": 5,\r\n  \"rightFrameMargin\": 5,\r\n  \"topFrameMargin\": 400,\r\n  \"mus\": {\r\n    \"colGutterMu\": \"%\",\r\n    \"rowGutterMu\": \"%\",\r\n    \"topFrameMu\": \"px\",\r\n    \"bottomFrameMu\": \"%\",\r\n    \"frameMu\": \"%\"\r\n  },\r\n  \"bottomFrameMargin\": 5,\r\n  \"rowAttrs\": [\r\n    {\r\n      \"relid\": 4\r\n    },\r\n    {\r\n      \"relid\": 1\r\n    }\r\n  ],\r\n  \"bgColor\": null,\r\n  \"bgImage\": null,\r\n  \"cont\": [\r\n    {\r\n      \"type\": \"text\",\r\n      \"cont\": \"<h1 class=\\\"_Header1\\\"><strong>WELLENBAD<\/strong><\/h1><h1 class=\\\"_Header5\\\">Audio-Performance aus dem KLANGLABOR<br \/>Freitag 02.02.2024, 18:00 Uhr, K 1.01<\/h1>\",\r\n      \"align\": \"top\",\r\n      \"row\": 0,\r\n      \"col\": 0,\r\n      \"colspan\": 12,\r\n      \"offsetx\": 0,\r\n      \"offsety\": 0,\r\n      \"spaceabove\": 0,\r\n      \"spacebelow\": 0,\r\n      \"yvel\": 1,\r\n      \"push\": 0,\r\n      \"relid\": 5,\r\n      \"absolute_position\": false\r\n    },\r\n    {\r\n      \"type\": \"img\",\r\n      \"cont\": \"\/wp-content\/uploads\/2024\/01\/WELLENBAD_keyvisual-01.jpg\",\r\n      \"align\": \"top\",\r\n      \"row\": 1,\r\n      \"col\": 0,\r\n      \"colspan\": 6,\r\n      \"offsetx\": 0,\r\n      \"offsety\": 0,\r\n      \"spaceabove\": 0,\r\n      \"spacebelow\": 0,\r\n      \"yvel\": 1,\r\n      \"push\": 0,\r\n      \"relid\": 2,\r\n      \"attid\": 255,\r\n      \"sizes\": {\r\n        \"full\": \"\/wp-content\/uploads\/2024\/01\/WELLENBAD_keyvisual-01.jpg\",\r\n        \"_1920\": \"\/wp-content\/uploads\/2024\/01\/WELLENBAD_keyvisual-01-1920x2803.jpg\",\r\n        \"_1280\": \"\/wp-content\/uploads\/2024\/01\/WELLENBAD_keyvisual-01-1280x1868.jpg\",\r\n        \"_1024\": \"\/wp-content\/uploads\/2024\/01\/WELLENBAD_keyvisual-01-1024x1495.jpg\",\r\n        \"_768\": \"\/wp-content\/uploads\/2024\/01\/WELLENBAD_keyvisual-01-768x1121.jpg\",\r\n        \"_512\": \"\/wp-content\/uploads\/2024\/01\/WELLENBAD_keyvisual-01-512x747.jpg\",\r\n        \"_265\": \"\/wp-content\/uploads\/2024\/01\/WELLENBAD_keyvisual-01-265x387.jpg\"\r\n      },\r\n      \"w\": 1960,\r\n      \"h\": 2861,\r\n      \"ar\": 1.4596938775510204,\r\n      \"alt\": \"\",\r\n      \"absolute_position\": false\r\n    },\r\n    {\r\n      \"type\": \"text\",\r\n      \"cont\": \"<p>Das KLANGLABOR der Fakult\u00e4t Gestaltung bietet eine Experimentalwerkstatt zur Erforschung von Klangph\u00e4nomenen im Spannungsfeld zwischen Wahrnehmung, Klangkultur und Schwingungsphysik. Dabei kommen analoge, modulare Synthesizer zum Einsatz, die eine spielerische Ann\u00e4herung an die Klangsynthese erm\u00f6glichen. Mit dieser offenen Technologie hat das diesj\u00e4hrige KLANGLABOR-Team (IA3) ein Semester lang experimentiert und ein kompaktes Set erarbeitet, das zur Er\u00f6ffnung des SICHTRAUMs live vorgestellt wird.<\/p><p>\u00a0<\/p><h1><strong>Team<\/strong><\/h1><p>Anna Fleischmann, Lena Heidle, Lyra Merkl, Bastian Aichner, Maximilian Breunig, Sahin Cakir, Tomas Christmann, Ludwig Domberger, Finn Heinrich, Klaus Kaufmann, Laurin Merbecks<\/p><h1><strong>Leitung<\/strong><\/h1><p>Prof. Robert Rose<\/p>\",\r\n      \"align\": \"top\",\r\n      \"row\": 1,\r\n      \"col\": 6,\r\n      \"colspan\": 6,\r\n      \"offsetx\": 0,\r\n      \"offsety\": 0,\r\n      \"spaceabove\": 0,\r\n      \"spacebelow\": 0,\r\n      \"yvel\": 1,\r\n      \"push\": 0,\r\n      \"relid\": 3,\r\n      \"absolute_position\": false\r\n    }\r\n  ]\r\n}","phonegrid":"","_links":{"self":[{"href":"https:\/\/sichtraum.tha.de\/2024\/wp-json\/wp\/v2\/posts\/253","targetHints":{"allow":["GET"]}}],"collection":[{"href":"https:\/\/sichtraum.tha.de\/2024\/wp-json\/wp\/v2\/posts"}],"about":[{"href":"https:\/\/sichtraum.tha.de\/2024\/wp-json\/wp\/v2\/types\/post"}],"author":[{"embeddable":true,"href":"https:\/\/sichtraum.tha.de\/2024\/wp-json\/wp\/v2\/users\/1"}],"replies":[{"embeddable":true,"href":"https:\/\/sichtraum.tha.de\/2024\/wp-json\/wp\/v2\/comments?post=253"}],"version-history":[{"count":0,"href":"https:\/\/sichtraum.tha.de\/2024\/wp-json\/wp\/v2\/posts\/253\/revisions"}],"wp:featuredmedia":[{"embeddable":true,"href":"https:\/\/sichtraum.tha.de\/2024\/wp-json\/wp\/v2\/media\/504"}],"wp:attachment":[{"href":"https:\/\/sichtraum.tha.de\/2024\/wp-json\/wp\/v2\/media?parent=253"}],"wp:term":[{"taxonomy":"category","embeddable":true,"href":"https:\/\/sichtraum.tha.de\/2024\/wp-json\/wp\/v2\/categories?post=253"},{"taxonomy":"post_tag","embeddable":true,"href":"https:\/\/sichtraum.tha.de\/2024\/wp-json\/wp\/v2\/tags?post=253"}],"curies":[{"name":"wp","href":"https:\/\/api.w.org\/{rel}","templated":true}]}}