{"id":142,"date":"2024-01-18T16:21:32","date_gmt":"2024-01-18T15:21:32","guid":{"rendered":"https:\/\/sichtraum.tha.de\/2024\/?p=142"},"modified":"2024-01-28T21:22:30","modified_gmt":"2024-01-28T20:22:30","slug":"keynote-horst-thieme","status":"publish","type":"post","link":"https:\/\/sichtraum.tha.de\/2024\/keynote-horst-thieme\/","title":{"rendered":"Keynote <\/br>Horst Thieme"},"content":{"rendered":"","protected":false},"excerpt":{"rendered":"","protected":false},"author":1,"featured_media":505,"comment_status":"closed","ping_status":"closed","sticky":false,"template":"","format":"standard","meta":[],"categories":[3,4],"tags":[],"class_list":["post-142","post","type-post","status-publish","has-post-thumbnail","hentry","category-keynote","category-performance"],"grid":"{\r\n  \"colCount\": 12,\r\n  \"colGutter\": 2,\r\n  \"rowGutters\": [\r\n    3\r\n  ],\r\n  \"frameMargin\": 5,\r\n  \"leftFrameMargin\": 5,\r\n  \"rightFrameMargin\": 5,\r\n  \"topFrameMargin\": 400,\r\n  \"mus\": {\r\n    \"colGutterMu\": \"%\",\r\n    \"rowGutterMu\": \"%\",\r\n    \"topFrameMu\": \"px\",\r\n    \"bottomFrameMu\": \"%\",\r\n    \"frameMu\": \"%\"\r\n  },\r\n  \"bottomFrameMargin\": 5,\r\n  \"rowAttrs\": [\r\n    {\r\n      \"relid\": 4\r\n    },\r\n    {\r\n      \"relid\": 1\r\n    }\r\n  ],\r\n  \"bgColor\": null,\r\n  \"bgImage\": null,\r\n  \"cont\": [\r\n    {\r\n      \"type\": \"text\",\r\n      \"cont\": \"<h1 class=\\\"_Header1\\\">Daten, Digitalisierung, Dialog: Augsburgs Reise zur Smart City<\/h1><h1 class=\\\"_Header5\\\">KEYNOTE Horst Thieme<\/h1>\",\r\n      \"align\": \"top\",\r\n      \"row\": 0,\r\n      \"col\": 0,\r\n      \"colspan\": 12,\r\n      \"offsetx\": 0,\r\n      \"offsety\": 0,\r\n      \"spaceabove\": 0,\r\n      \"spacebelow\": 0,\r\n      \"yvel\": 1,\r\n      \"push\": 0,\r\n      \"relid\": 5,\r\n      \"absolute_position\": false\r\n    },\r\n    {\r\n      \"type\": \"img\",\r\n      \"cont\": \"\/wp-content\/uploads\/2024\/01\/HorstThieme_small.jpg\",\r\n      \"align\": \"top\",\r\n      \"row\": 1,\r\n      \"col\": 0,\r\n      \"colspan\": 5,\r\n      \"offsetx\": 0,\r\n      \"offsety\": 0,\r\n      \"spaceabove\": 0,\r\n      \"spacebelow\": 0,\r\n      \"yvel\": 1,\r\n      \"push\": 0,\r\n      \"relid\": 2,\r\n      \"attid\": 143,\r\n      \"sizes\": {\r\n        \"full\": \"\/wp-content\/uploads\/2024\/01\/HorstThieme_small.jpg\",\r\n        \"_1280\": \"\/wp-content\/uploads\/2024\/01\/HorstThieme_small-1280x1920.jpg\",\r\n        \"_1024\": \"\/wp-content\/uploads\/2024\/01\/HorstThieme_small-1024x1536.jpg\",\r\n        \"_768\": \"\/wp-content\/uploads\/2024\/01\/HorstThieme_small-768x1152.jpg\",\r\n        \"_512\": \"\/wp-content\/uploads\/2024\/01\/HorstThieme_small-512x768.jpg\",\r\n        \"_265\": \"\/wp-content\/uploads\/2024\/01\/HorstThieme_small-265x398.jpg\"\r\n      },\r\n      \"w\": 1920,\r\n      \"h\": 2880,\r\n      \"ar\": 1.5,\r\n      \"alt\": \"\",\r\n      \"absolute_position\": false\r\n    },\r\n    {\r\n      \"type\": \"text\",\r\n      \"cont\": \"<p>Was genau bedeutet das Konzept einer 'Smart City', und wie verortet sich Augsburg in diesem innovativen Kontext? Im vergangenen Jahr konnten in Augsburg bemerkenswerte Projekte realisiert werden: Eine urbane Datenplattform zur Vernetzung von Datensilos, die jetzt in diesem Jahr ausgerollt wird, eine digitale B\u00fcrgerbeteiligung, die die bisherigen Beteiligungsformate erg\u00e4nzen wird und die Etablierung einer Open Data-Plattform. Diese Initiativen sind weit mehr als technologische Meilensteine \u2013 sie symbolisieren eine innovative Form der Stadtentwicklung, bei der die Interaktion zwischen Daten, Verwaltung und B\u00fcrgern im Fokus steht. Im Vortrag wird dargelegt, wie Daten Treiber f\u00fcr Innovation und Entwicklung sind. Anhand von praxisnahen Beispielen, wie der intelligenten Baumbew\u00e4sserung, datengetriebener Verkehrssteuerung, dem Schutz des UNESCO-Welterbes mittels Sensortechnologie und Klima-Initiativen, wird aufgezeigt, wie diese Technologien das Leben in der Stadt bereichern und transformieren.<\/p><p>Horst Thieme ist seit 2 Jahren Smart City Manager in Augsburg. Davor bekleidete er nationale und internationale Managementpositionen bei Red Hat, NetApp, IBM und Sun Microsystems. Er ist Mitglied im Gr\u00fcndungsbeirat des Funkenwerks, dem Startup- und Existenzgr\u00fcnder-Netzwerk der Technischen Hochschule Augsburg. Zus\u00e4tzlich ist er im Vorstand der Freunde der Stadtb\u00fcchereien t\u00e4tig, wo er Lese-Inseln in Grundschulen initiiert und f\u00f6rdert. Dar\u00fcber hinaus ist er als Moderator von Kunst- und Literaturveranstaltungen, wie dem bereits seit 25 Jahren bestehendem Poetry Slam Augsburg, bekannt.<br \/><br \/><\/p><p>Weitere Informationen:<\/p><h1><span>\u2197 <a rel=\\\"noopener\\\" href=\\\"https:\/\/augsburg.de\/smartcity\\\" target=\\\"_blank\\\">https:\/\/augsburg.de\/smartcity<\/a><\/span><\/h1><h1><span>\u2197 <a rel=\\\"noopener\\\" href=\\\"https:\/\/augsburg.bydata.de\/\\\" target=\\\"_blank\\\">https:\/\/augsburg.bydata.de\/<\/a><\/span><\/h1><p>\u00a0<\/p>\",\r\n      \"align\": \"top\",\r\n      \"row\": 1,\r\n      \"col\": 6,\r\n      \"colspan\": 6,\r\n      \"offsetx\": 0,\r\n      \"offsety\": 0,\r\n      \"spaceabove\": 0,\r\n      \"spacebelow\": 0,\r\n      \"yvel\": 1,\r\n      \"push\": 1,\r\n      \"relid\": 3,\r\n      \"absolute_position\": false\r\n    }\r\n  ]\r\n}","phonegrid":"","_links":{"self":[{"href":"https:\/\/sichtraum.tha.de\/2024\/wp-json\/wp\/v2\/posts\/142","targetHints":{"allow":["GET"]}}],"collection":[{"href":"https:\/\/sichtraum.tha.de\/2024\/wp-json\/wp\/v2\/posts"}],"about":[{"href":"https:\/\/sichtraum.tha.de\/2024\/wp-json\/wp\/v2\/types\/post"}],"author":[{"embeddable":true,"href":"https:\/\/sichtraum.tha.de\/2024\/wp-json\/wp\/v2\/users\/1"}],"replies":[{"embeddable":true,"href":"https:\/\/sichtraum.tha.de\/2024\/wp-json\/wp\/v2\/comments?post=142"}],"version-history":[{"count":0,"href":"https:\/\/sichtraum.tha.de\/2024\/wp-json\/wp\/v2\/posts\/142\/revisions"}],"wp:featuredmedia":[{"embeddable":true,"href":"https:\/\/sichtraum.tha.de\/2024\/wp-json\/wp\/v2\/media\/505"}],"wp:attachment":[{"href":"https:\/\/sichtraum.tha.de\/2024\/wp-json\/wp\/v2\/media?parent=142"}],"wp:term":[{"taxonomy":"category","embeddable":true,"href":"https:\/\/sichtraum.tha.de\/2024\/wp-json\/wp\/v2\/categories?post=142"},{"taxonomy":"post_tag","embeddable":true,"href":"https:\/\/sichtraum.tha.de\/2024\/wp-json\/wp\/v2\/tags?post=142"}],"curies":[{"name":"wp","href":"https:\/\/api.w.org\/{rel}","templated":true}]}}